{"id":1374,"date":"2026-03-03T00:00:00","date_gmt":"2026-03-02T23:00:00","guid":{"rendered":"https:\/\/www.jobalto.be\/mecanicien-manage-belgique\/"},"modified":"2026-04-27T14:11:31","modified_gmt":"2026-04-27T12:11:31","slug":"mecanicien-manage-belgique","status":"publish","type":"post","link":"https:\/\/www.jobalto.be\/en\/mecanicien-manage-belgique\/","title":{"rendered":"Mecanicien Manage &#8211; Belgique"},"content":{"rendered":"<h4 class=\"cx_h4 cx2_introduction\">Introduction<\/h4>\n<div class=\"cx2_introduction\"><p>Nous recherchons un M&eacute;canicien passionn&eacute; et comp&eacute;tent pour rejoindre notre &eacute;quipe dynamique. Dans ce r&ocirc;le cl&eacute;, vous serez responsable d&rsquo;assurer le bon &eacute;tat technique, de s&eacute;curit&eacute; et de pr&eacute;sentation des mat&eacute;riels propos&eacute;s &agrave; la location. Si vous avez un souci du d&eacute;tail et un engagement envers l&rsquo;excellence, nous serions ravis de recevoir votre candidature.<\/p><\/div>\n\r\n<h4 class=\"cx_h4 cx2_organization\">Organisation<\/h4>\n<div class=\"cx2_organization\"><p>Chantier situ&eacute; partout en Belgique&nbsp;<\/p><\/div>\n\r\n<h4 class=\"cx_h4 cx2_function\">Fonction<\/h4>\n<div class=\"cx2_function\"><ul> <li>contr&ocirc;ler l&rsquo;&eacute;tat des v&eacute;hicules retourn&eacute;s apr&egrave;s location<\/li> <li>r&eacute;paration des pannes des v&eacute;hicules<\/li> <li>entretien des v&eacute;hicules<\/li> <li>assurer les contr&ocirc;les r&eacute;glementaires<\/li> <li>d&eacute;panner sur site &eacute;ventuellement (permis B est un plus)<\/li> <\/ul><\/div>\n\r\n<h4 class=\"cx_h4 cx2_requirements\">Pr\u00e9requis<\/h4>\n<div class=\"cx2_requirements\"><ul> <li>min 2 ans d&rsquo;exp&eacute;rience professionnelle<\/li> <li>si possible en m&eacute;canique automobile, poids-lourds, machines agricoles ou g&eacute;nie civil<\/li> <li>pas peur de bosser beaucoup<\/li> <li>pas peur de se salir<\/li> <li>polyvalent, les journ&eacute;es ne se ressemblent pas<\/li> <li>brevet clark obligatoire &#8211;&nbsp;brevet nacelle est un plus<\/li> <li>un.e passionn&eacute;.e de m&eacute;canique peut tout &agrave; fait convenir &eacute;galement !<\/li> <\/ul><\/div>\n\r\n<h4 class=\"cx_h4 cx2_offer\">Offre<\/h4>\n<div class=\"cx2_offer\"><ul> <li>Ch&egrave;ques repas<\/li> <li>Travail stimulant et dynamique<\/li> <li>Excellente &eacute;cole d&rsquo;apprentissage<\/li> <li>P&eacute;riode d&rsquo;int&eacute;rim suivie d&rsquo;un contrat fixe<\/li> <li>Travail au sein d&rsquo;une entreprise renomm&eacute;e au niveau national<\/li> <\/ul><\/div>\n\r\n\r\n<div id=\"apply_form\"><form autocomplete=\"off\" method=\"post\" enctype=\"multipart\/form-data\"><input style=\"display:none\" type=\"text\" name=\"fakeusernameremembered\"\/><input style=\"display:none\" type=\"password\" name=\"fakepasswordremembered\"\/><input type=\"hidden\" name=\"apply_action\" value=\"1\" \/><input type=\"hidden\" id=\"_carerix_nonce_field\" name=\"_carerix_nonce_field\" value=\"08c3817de3\" \/><input type=\"hidden\" name=\"_wp_http_referer\" value=\"\/en\/wp-json\/wp\/v2\/posts\/1374\" \/><h3 class='cx_h3 cx2_h3_personal'>Personal profile<\/h3>\n\n<div class=\"data_1 cx2_personal-lastName\">\n        <label for=\"personal-lastName\" class=\"cx2_personal-lastName cx2_required\">Last name<span aria-hidden=\"true\" class=\"cx2_required_marker\">*<\/span><\/label>\n        <input autocomplete=\"off\" class=\"carerix_input cx2_input carerix_required cx2_required personal-lastName cx2_personal-lastName\" type=\"text\" id=\"personal-lastName\" data-index=\"1\" name=\"personal[lastName]\" value=\"\" \/>\n    \n        <\/div>\n\n\n<div class=\"data_2 cx2_personal-firstName\">\n        <label for=\"personal-firstName\" class=\"cx2_personal-firstName\">First name<\/label>\n        <input autocomplete=\"off\" class=\"carerix_input cx2_input cx2_personal-firstName\" type=\"text\" id=\"personal-firstName\" data-index=\"2\" name=\"personal[firstName]\" value=\"\" \/>\n    \n        <\/div>\n\n<div class=\"data_1 cx2_personal-cv\" data-cxrepeaterid=\"cv\">\n    <label for=\"personal-cv\" class=\"cx2_personal-cv\">CV<\/label>\n    <span id=\"personal-cv-fieldcontainer\"><\/span>\n    <span class=\"cx2_personal-cv-info\">\n        PDF, DOC, DOCX        <b class=\"cx2_max_label\"> (max <span class=\"cx2_max_filesize\"><\/span> MB) <\/b>\n    <\/span>\n\n    <\/div>\n\n<h3 class='cx_h3 cx2_h3_contact'>Contact Details<\/h3>\n\n<div class=\"data_69f1145956e7c cx2_contact-email\">\n        <label for=\"contact-email\" class=\"cx2_contact-email cx2_required\">Email<span aria-hidden=\"true\" class=\"cx2_required_marker\">*<\/span><\/label>\n        <input autocomplete=\"off\" class=\"carerix_input cx2_input carerix_required cx2_required contact-email cx2_contact-email\" type=\"email\" id=\"contact-email\" data-index=\"69f1145956e7c\" name=\"contact[email][]\" value=\"\" \/>\n    \n    \n\n\n    <span class=\"carerix_labels cx2_labels_type-contact-email\">\n    <input class='related_index' name='type-contact-index[]' type='hidden' value='0'>\n            <input type=\"radio\"\n                   name=\"type-contact[email][][0]\"\n                                                          class=\"cx2_type-contact-email\"\n                   value=\"4667\">\n            Private\n            \n            <input type=\"radio\"\n                   name=\"type-contact[email][][0]\"\n                                                          class=\"cx2_type-contact-email\"\n                   value=\"4668\">\n            Business\n            <\/span>\n\n    <i class=\"fa fa-refresh fa-spin wait\" style=\"display: none;\"><\/i>\n\n\n\n    <\/div>\n\n\n<div class=\"data_3 cx2_contact-mobileNumber\">\n        <label for=\"contact-mobileNumber\" class=\"cx2_contact-mobileNumber cx2_required\">Mobile private<span aria-hidden=\"true\" class=\"cx2_required_marker\">*<\/span><\/label>\n        <input autocomplete=\"off\" class=\"carerix_input cx2_input carerix_required cx2_required contact-mobileNumber cx2_contact-mobileNumber\" type=\"text\" id=\"contact-mobileNumber\" data-index=\"3\" name=\"contact[mobileNumber]\" value=\"\" \/>\n    \n        <\/div>\n\n<h3 class='cx_h3 cx2_h3_transportation'>Transportation<\/h3>\n<div class=\"cx2_transportation\">\n    <label for=\"transportation-haveCar\" class=\"cx2_transportation-haveCar\">\n        <input    type=\"checkbox\" class=\"carerix_input cx2_input cx2_transportation-haveCar\" name=\"transportation[haveCar]\" id=\"transportation-haveCar\"> Have car    <\/label>\n<\/div><!-- [START][v-transportation-license] --><div class=\"selector_chain_holder cx2_transportation-license\"><span class=\"starter\"><\/span><span><label for=\"transportation-license\" class=\"cx2_transportation-license\">Driving licences<\/label><select id=\"69f1145957472\" class=\"carerix_input cx2_input cx2_transportation-license\" data-id=\"transportation-license\" name=\"transportation[license]\" data-table=\"Drivers license\" data-affectedby=\"\"><option selected><\/option>\n<option value=\"53\">Yes<\/option>\n<option value=\"10414\">B<\/option>\n<option value=\"10415\">C (no Code 95)<\/option>\n<option value=\"10416\">C + Code 95<\/option>\n<option value=\"10417\">CE<\/option>\n<option value=\"54\">Nee<\/option><\/select><i class=\"fa fa-refresh fa-spin wait\" style=\"display: none;\"><\/i><\/span><!-- if affectable and not affects, stop div --><!-- [STOP][v-transportation-license] --><span class=\"stopper\"><\/span><\/div><script type='text\/javascript'>window.carerix_age_limit = 0; window.carerix_age_limit_message = 'You must be at least 0 years old.';<\/script><input id=\"apply_button\" class=\"cx2_applyform-apply\" type=\"submit\" value=\"Apply\" \/><\/form><\/div><div style=\"clear:both\"><\/div>\r\n","protected":false},"excerpt":{"rendered":"<div class=\"cx2_introduction\"><p>Nous recherchons un M&eacute;canicien passionn&eacute; et comp&eacute;tent pour rejoindre notre &eacute;quipe dynamique. Dans ce r&ocirc;le cl&eacute;, vous serez responsable d&rsquo;assurer le bon &eacute;tat technique, de s&eacute;curit&eacute; et de pr&eacute;sentation des mat&eacute;riels propos&eacute;s &agrave; la location. Si vous avez un souci du d&eacute;tail et un engagement envers l&rsquo;excellence, nous serions ravis de recevoir votre candidature.<\/p><\/div>","protected":false},"author":9,"featured_media":0,"comment_status":"closed","ping_status":"open","sticky":false,"template":"","format":"standard","meta":{"_acf_changed":false,"footnotes":""},"categories":[93,253],"tags":[24,273,77,177],"class_list":["post-1374","post","type-post","status-publish","format-standard","hentry","category-offres-demploi","category-speciale-technieken","tag-belgie","tag-belgique","tag-brussel","tag-speciale-technieken","functiongroups-speciale-technieken","functions-admin","sector-speciale-technieken","worklocation-belgique","region-brussel","country-belgie","worklevels-medior-2-5-jr-xp","procedure-uitzenden","business-line-standaard","employment-contract-interiem-uitzend","hours-per-week-33","min-salary-756","max-salary-473","pubid-list-807"],"acf":[],"yoast_head":"<!-- This site is optimized with the Yoast SEO plugin v27.5 - https:\/\/yoast.com\/product\/yoast-seo-wordpress\/ -->\n<title>Mecanicien Manage - Belgique - Jobalto<\/title>\n<meta name=\"robots\" content=\"index, follow, max-snippet:-1, max-image-preview:large, max-video-preview:-1\" \/>\n<link rel=\"canonical\" href=\"https:\/\/www.jobalto.be\/en\/mecanicien-manage-belgique\/\" \/>\n<meta property=\"og:locale\" content=\"en_GB\" \/>\n<meta property=\"og:type\" content=\"article\" \/>\n<meta property=\"og:title\" content=\"Mecanicien Manage - Belgique - Jobalto\" \/>\n<meta property=\"og:description\" content=\"Nous recherchons un M&eacute;canicien passionn&eacute; et comp&eacute;tent pour rejoindre notre &eacute;quipe dynamique. Dans ce r&ocirc;le cl&eacute;, vous serez responsable d&#039;assurer le bon &eacute;tat technique, de s&eacute;curit&eacute; et de pr&eacute;sentation des mat&eacute;riels propos&eacute;s &agrave; la location. Si vous avez un souci du d&eacute;tail et un engagement envers l&#039;excellence, nous serions ravis de recevoir votre candidature.\" \/>\n<meta property=\"og:url\" content=\"https:\/\/www.jobalto.be\/en\/mecanicien-manage-belgique\/\" \/>\n<meta property=\"og:site_name\" content=\"Jobalto\" \/>\n<meta property=\"article:published_time\" content=\"2026-03-02T23:00:00+00:00\" \/>\n<meta property=\"article:modified_time\" content=\"2026-04-27T12:11:31+00:00\" \/>\n<meta property=\"og:image\" content=\"https:\/\/www.jobalto.be\/wp-content\/uploads\/2025\/02\/Logo-Brand-Dark.png\" \/>\n\t<meta property=\"og:image:width\" content=\"1331\" \/>\n\t<meta property=\"og:image:height\" content=\"324\" \/>\n\t<meta property=\"og:image:type\" content=\"image\/png\" \/>\n<meta name=\"author\" content=\"Pauline De Marcken\" \/>\n<meta name=\"twitter:card\" content=\"summary_large_image\" \/>\n<meta name=\"twitter:label1\" content=\"Written by\" \/>\n\t<meta name=\"twitter:data1\" content=\"Pauline De Marcken\" \/>\n\t<meta name=\"twitter:label2\" content=\"Estimated reading time\" \/>\n\t<meta name=\"twitter:data2\" content=\"1 minute\" \/>\n<script type=\"application\/ld+json\" class=\"yoast-schema-graph\">{\"@context\":\"https:\\\/\\\/schema.org\",\"@graph\":[{\"@type\":\"Article\",\"@id\":\"https:\\\/\\\/www.jobalto.be\\\/mecanicien-manage-belgique\\\/#article\",\"isPartOf\":{\"@id\":\"https:\\\/\\\/www.jobalto.be\\\/mecanicien-manage-belgique\\\/\"},\"author\":{\"name\":\"Pauline De Marcken\",\"@id\":\"https:\\\/\\\/www.jobalto.be\\\/#\\\/schema\\\/person\\\/fb4a0f31cccb83ca7423b0f5474c8574\"},\"headline\":\"Mecanicien Manage &#8211; Belgique\",\"datePublished\":\"2026-03-02T23:00:00+00:00\",\"dateModified\":\"2026-04-27T12:11:31+00:00\",\"mainEntityOfPage\":{\"@id\":\"https:\\\/\\\/www.jobalto.be\\\/mecanicien-manage-belgique\\\/\"},\"wordCount\":253,\"publisher\":{\"@id\":\"https:\\\/\\\/www.jobalto.be\\\/#organization\"},\"keywords\":[\"Belgi\u00eb\",\"Belgique\",\"Brussel\",\"Speciale Technieken\"],\"articleSection\":[\"Offres d'emploi\",\"Speciale Technieken\"],\"inLanguage\":\"en-GB\"},{\"@type\":\"WebPage\",\"@id\":\"https:\\\/\\\/www.jobalto.be\\\/mecanicien-manage-belgique\\\/\",\"url\":\"https:\\\/\\\/www.jobalto.be\\\/mecanicien-manage-belgique\\\/\",\"name\":\"Mecanicien Manage - Belgique - Jobalto\",\"isPartOf\":{\"@id\":\"https:\\\/\\\/www.jobalto.be\\\/#website\"},\"datePublished\":\"2026-03-02T23:00:00+00:00\",\"dateModified\":\"2026-04-27T12:11:31+00:00\",\"breadcrumb\":{\"@id\":\"https:\\\/\\\/www.jobalto.be\\\/mecanicien-manage-belgique\\\/#breadcrumb\"},\"inLanguage\":\"en-GB\",\"potentialAction\":[{\"@type\":\"ReadAction\",\"target\":[\"https:\\\/\\\/www.jobalto.be\\\/mecanicien-manage-belgique\\\/\"]}]},{\"@type\":\"BreadcrumbList\",\"@id\":\"https:\\\/\\\/www.jobalto.be\\\/mecanicien-manage-belgique\\\/#breadcrumb\",\"itemListElement\":[{\"@type\":\"ListItem\",\"position\":1,\"name\":\"Accueil\",\"item\":\"https:\\\/\\\/www.jobalto.be\\\/\"},{\"@type\":\"ListItem\",\"position\":2,\"name\":\"Mecanicien Manage &#8211; Belgique\"}]},{\"@type\":\"WebSite\",\"@id\":\"https:\\\/\\\/www.jobalto.be\\\/#website\",\"url\":\"https:\\\/\\\/www.jobalto.be\\\/\",\"name\":\"Jobalto\",\"description\":\"\u00c9l\u00e8ve ta carri\u00e8re\",\"publisher\":{\"@id\":\"https:\\\/\\\/www.jobalto.be\\\/#organization\"},\"potentialAction\":[{\"@type\":\"SearchAction\",\"target\":{\"@type\":\"EntryPoint\",\"urlTemplate\":\"https:\\\/\\\/www.jobalto.be\\\/?s={search_term_string}\"},\"query-input\":{\"@type\":\"PropertyValueSpecification\",\"valueRequired\":true,\"valueName\":\"search_term_string\"}}],\"inLanguage\":\"en-GB\"},{\"@type\":\"Organization\",\"@id\":\"https:\\\/\\\/www.jobalto.be\\\/#organization\",\"name\":\"Jobalto\",\"url\":\"https:\\\/\\\/www.jobalto.be\\\/\",\"logo\":{\"@type\":\"ImageObject\",\"inLanguage\":\"en-GB\",\"@id\":\"https:\\\/\\\/www.jobalto.be\\\/#\\\/schema\\\/logo\\\/image\\\/\",\"url\":\"https:\\\/\\\/www.jobalto.be\\\/wp-content\\\/uploads\\\/2025\\\/02\\\/Logo-Brand-Dark.png\",\"contentUrl\":\"https:\\\/\\\/www.jobalto.be\\\/wp-content\\\/uploads\\\/2025\\\/02\\\/Logo-Brand-Dark.png\",\"width\":1331,\"height\":324,\"caption\":\"Jobalto\"},\"image\":{\"@id\":\"https:\\\/\\\/www.jobalto.be\\\/#\\\/schema\\\/logo\\\/image\\\/\"}},{\"@type\":\"Person\",\"@id\":\"https:\\\/\\\/www.jobalto.be\\\/#\\\/schema\\\/person\\\/fb4a0f31cccb83ca7423b0f5474c8574\",\"name\":\"Pauline De Marcken\",\"image\":{\"@type\":\"ImageObject\",\"inLanguage\":\"en-GB\",\"@id\":\"https:\\\/\\\/secure.gravatar.com\\\/avatar\\\/3c34d0b575189f922d7338d56b55d05c2f2fe494d9e7646c049c09ba0ddbcb97?s=96&d=mm&r=g\",\"url\":\"https:\\\/\\\/secure.gravatar.com\\\/avatar\\\/3c34d0b575189f922d7338d56b55d05c2f2fe494d9e7646c049c09ba0ddbcb97?s=96&d=mm&r=g\",\"contentUrl\":\"https:\\\/\\\/secure.gravatar.com\\\/avatar\\\/3c34d0b575189f922d7338d56b55d05c2f2fe494d9e7646c049c09ba0ddbcb97?s=96&d=mm&r=g\",\"caption\":\"Pauline De Marcken\"},\"url\":\"https:\\\/\\\/www.jobalto.be\\\/en\\\/author\\\/pauline-de-marcken\\\/\"}]}<\/script>\n<!-- \/ Yoast SEO plugin. -->","yoast_head_json":{"title":"Mecanicien Manage - Belgique - Jobalto","robots":{"index":"index","follow":"follow","max-snippet":"max-snippet:-1","max-image-preview":"max-image-preview:large","max-video-preview":"max-video-preview:-1"},"canonical":"https:\/\/www.jobalto.be\/en\/mecanicien-manage-belgique\/","og_locale":"en_GB","og_type":"article","og_title":"Mecanicien Manage - Belgique - Jobalto","og_description":"Nous recherchons un M&eacute;canicien passionn&eacute; et comp&eacute;tent pour rejoindre notre &eacute;quipe dynamique. Dans ce r&ocirc;le cl&eacute;, vous serez responsable d'assurer le bon &eacute;tat technique, de s&eacute;curit&eacute; et de pr&eacute;sentation des mat&eacute;riels propos&eacute;s &agrave; la location. Si vous avez un souci du d&eacute;tail et un engagement envers l'excellence, nous serions ravis de recevoir votre candidature.","og_url":"https:\/\/www.jobalto.be\/en\/mecanicien-manage-belgique\/","og_site_name":"Jobalto","article_published_time":"2026-03-02T23:00:00+00:00","article_modified_time":"2026-04-27T12:11:31+00:00","og_image":[{"width":1331,"height":324,"url":"https:\/\/www.jobalto.be\/wp-content\/uploads\/2025\/02\/Logo-Brand-Dark.png","type":"image\/png"}],"author":"Pauline De Marcken","twitter_card":"summary_large_image","twitter_misc":{"Written by":"Pauline De Marcken","Estimated reading time":"1 minute"},"schema":{"@context":"https:\/\/schema.org","@graph":[{"@type":"Article","@id":"https:\/\/www.jobalto.be\/mecanicien-manage-belgique\/#article","isPartOf":{"@id":"https:\/\/www.jobalto.be\/mecanicien-manage-belgique\/"},"author":{"name":"Pauline De Marcken","@id":"https:\/\/www.jobalto.be\/#\/schema\/person\/fb4a0f31cccb83ca7423b0f5474c8574"},"headline":"Mecanicien Manage &#8211; Belgique","datePublished":"2026-03-02T23:00:00+00:00","dateModified":"2026-04-27T12:11:31+00:00","mainEntityOfPage":{"@id":"https:\/\/www.jobalto.be\/mecanicien-manage-belgique\/"},"wordCount":253,"publisher":{"@id":"https:\/\/www.jobalto.be\/#organization"},"keywords":["Belgi\u00eb","Belgique","Brussel","Speciale Technieken"],"articleSection":["Offres d'emploi","Speciale Technieken"],"inLanguage":"en-GB"},{"@type":"WebPage","@id":"https:\/\/www.jobalto.be\/mecanicien-manage-belgique\/","url":"https:\/\/www.jobalto.be\/mecanicien-manage-belgique\/","name":"Mecanicien Manage - Belgique - Jobalto","isPartOf":{"@id":"https:\/\/www.jobalto.be\/#website"},"datePublished":"2026-03-02T23:00:00+00:00","dateModified":"2026-04-27T12:11:31+00:00","breadcrumb":{"@id":"https:\/\/www.jobalto.be\/mecanicien-manage-belgique\/#breadcrumb"},"inLanguage":"en-GB","potentialAction":[{"@type":"ReadAction","target":["https:\/\/www.jobalto.be\/mecanicien-manage-belgique\/"]}]},{"@type":"BreadcrumbList","@id":"https:\/\/www.jobalto.be\/mecanicien-manage-belgique\/#breadcrumb","itemListElement":[{"@type":"ListItem","position":1,"name":"Accueil","item":"https:\/\/www.jobalto.be\/"},{"@type":"ListItem","position":2,"name":"Mecanicien Manage &#8211; Belgique"}]},{"@type":"WebSite","@id":"https:\/\/www.jobalto.be\/#website","url":"https:\/\/www.jobalto.be\/","name":"Jobalto","description":"\u00c9l\u00e8ve ta carri\u00e8re","publisher":{"@id":"https:\/\/www.jobalto.be\/#organization"},"potentialAction":[{"@type":"SearchAction","target":{"@type":"EntryPoint","urlTemplate":"https:\/\/www.jobalto.be\/?s={search_term_string}"},"query-input":{"@type":"PropertyValueSpecification","valueRequired":true,"valueName":"search_term_string"}}],"inLanguage":"en-GB"},{"@type":"Organization","@id":"https:\/\/www.jobalto.be\/#organization","name":"Jobalto","url":"https:\/\/www.jobalto.be\/","logo":{"@type":"ImageObject","inLanguage":"en-GB","@id":"https:\/\/www.jobalto.be\/#\/schema\/logo\/image\/","url":"https:\/\/www.jobalto.be\/wp-content\/uploads\/2025\/02\/Logo-Brand-Dark.png","contentUrl":"https:\/\/www.jobalto.be\/wp-content\/uploads\/2025\/02\/Logo-Brand-Dark.png","width":1331,"height":324,"caption":"Jobalto"},"image":{"@id":"https:\/\/www.jobalto.be\/#\/schema\/logo\/image\/"}},{"@type":"Person","@id":"https:\/\/www.jobalto.be\/#\/schema\/person\/fb4a0f31cccb83ca7423b0f5474c8574","name":"Pauline De Marcken","image":{"@type":"ImageObject","inLanguage":"en-GB","@id":"https:\/\/secure.gravatar.com\/avatar\/3c34d0b575189f922d7338d56b55d05c2f2fe494d9e7646c049c09ba0ddbcb97?s=96&d=mm&r=g","url":"https:\/\/secure.gravatar.com\/avatar\/3c34d0b575189f922d7338d56b55d05c2f2fe494d9e7646c049c09ba0ddbcb97?s=96&d=mm&r=g","contentUrl":"https:\/\/secure.gravatar.com\/avatar\/3c34d0b575189f922d7338d56b55d05c2f2fe494d9e7646c049c09ba0ddbcb97?s=96&d=mm&r=g","caption":"Pauline De Marcken"},"url":"https:\/\/www.jobalto.be\/en\/author\/pauline-de-marcken\/"}]}},"_links":{"self":[{"href":"https:\/\/www.jobalto.be\/en\/wp-json\/wp\/v2\/posts\/1374","targetHints":{"allow":["GET"]}}],"collection":[{"href":"https:\/\/www.jobalto.be\/en\/wp-json\/wp\/v2\/posts"}],"about":[{"href":"https:\/\/www.jobalto.be\/en\/wp-json\/wp\/v2\/types\/post"}],"author":[{"embeddable":true,"href":"https:\/\/www.jobalto.be\/en\/wp-json\/wp\/v2\/users\/9"}],"replies":[{"embeddable":true,"href":"https:\/\/www.jobalto.be\/en\/wp-json\/wp\/v2\/comments?post=1374"}],"version-history":[{"count":0,"href":"https:\/\/www.jobalto.be\/en\/wp-json\/wp\/v2\/posts\/1374\/revisions"}],"wp:attachment":[{"href":"https:\/\/www.jobalto.be\/en\/wp-json\/wp\/v2\/media?parent=1374"}],"wp:term":[{"taxonomy":"category","embeddable":true,"href":"https:\/\/www.jobalto.be\/en\/wp-json\/wp\/v2\/categories?post=1374"},{"taxonomy":"post_tag","embeddable":true,"href":"https:\/\/www.jobalto.be\/en\/wp-json\/wp\/v2\/tags?post=1374"}],"curies":[{"name":"wp","href":"https:\/\/api.w.org\/{rel}","templated":true}]}}