{"id":1510,"date":"2026-04-13T00:00:00","date_gmt":"2026-04-12T22:00:00","guid":{"rendered":"https:\/\/www.jobalto.be\/ouvrier-de-production-alimentaire-eghezee\/"},"modified":"2026-04-28T10:21:20","modified_gmt":"2026-04-28T08:21:20","slug":"ouvrier-de-production-alimentaire-eghezee","status":"publish","type":"post","link":"https:\/\/www.jobalto.be\/nl\/ouvrier-de-production-alimentaire-eghezee\/","title":{"rendered":"Ouvrier de production alimentaire &#8211; Eghez\u00e9e"},"content":{"rendered":"<h4 class=\"cx_h4 cx2_introduction\">Introduction<\/h4>\n<div class=\"cx2_introduction\"><p>Tu n&rsquo;as pas peur de retrousser tes manches. Le travail physique, le froid, le rythme de production&#8230; tu connais, ou tu es pr&ecirc;t &agrave; apprendre.&nbsp;<\/p><\/div>\n\r\n<h4 class=\"cx_h4 cx2_organization\">Organisation<\/h4>\n<div class=\"cx2_organization\"><p>Notre client est actif dans le secteur agroalimentaire. Son atelier de production tourne &agrave; plein r&eacute;gime et il a besoin de renforcer son &eacute;quipe sur la ligne de d&eacute;coupe. Ambiance de travail s&eacute;rieuse, environnement structur&eacute;.<\/p><\/div>\n\r\n<h4 class=\"cx_h4 cx2_function\">Fonction<\/h4>\n<div class=\"cx2_function\"><p>Pr&eacute;paration et d&eacute;coupage de viande<br>Vous acceptez de travailler dans le froid (12deg)<br>Charges lourdes &agrave; d&eacute;placer<\/p><\/div>\n\r\n<h4 class=\"cx_h4 cx2_requirements\">Pr\u00e9requis<\/h4>\n<div class=\"cx2_requirements\"><p>Vous &ecirc;tes rigoureux et dynamique<br>Accepter de travailler la viande (l&eacute;g&egrave;re odeur dans l&rsquo;usine)<br>C&rsquo;est un plus si vous avez une exp&eacute;rience probante dans le domaine alimentaire plus pr&eacute;cis&eacute;ment sur une ligne de production ou dans l&#8217;emballage<\/p><\/div>\n\r\n<h4 class=\"cx_h4 cx2_offer\">Offre<\/h4>\n<div class=\"cx2_offer\"><p>Contrat : int&eacute;rim&nbsp;<br><br><\/p><\/div>\n\r\n<h4 class=\"cx_h4 cx2_information\">Plus d&rsquo;informations<\/h4>\n<div class=\"cx2_information\"><p>Lieu : Namur \/ Eghez&eacute;e<\/p><\/div>\n\r\n<div id=\"apply_form\"><form autocomplete=\"off\" method=\"post\" enctype=\"multipart\/form-data\"><input style=\"display:none\" type=\"text\" name=\"fakeusernameremembered\"\/><input style=\"display:none\" type=\"password\" name=\"fakepasswordremembered\"\/><input type=\"hidden\" name=\"apply_action\" value=\"1\" \/><input type=\"hidden\" id=\"_carerix_nonce_field\" name=\"_carerix_nonce_field\" value=\"75a179add8\" \/><input type=\"hidden\" name=\"_wp_http_referer\" value=\"\/nl\/wp-json\/wp\/v2\/posts\/1510\" \/><h3 class='cx_h3 cx2_h3_personal'>Persoonsgegevens<\/h3>\n\n<div class=\"data_1 cx2_personal-lastName\">\n        <label for=\"personal-lastName\" class=\"cx2_personal-lastName cx2_required\">Achternaam<span aria-hidden=\"true\" class=\"cx2_required_marker\">*<\/span><\/label>\n        <input autocomplete=\"off\" class=\"carerix_input cx2_input carerix_required cx2_required personal-lastName cx2_personal-lastName\" type=\"text\" id=\"personal-lastName\" data-index=\"1\" name=\"personal[lastName]\" value=\"\" \/>\n    \n        <\/div>\n\n\n<div class=\"data_2 cx2_personal-firstName\">\n        <label for=\"personal-firstName\" class=\"cx2_personal-firstName\">Voornaam<\/label>\n        <input autocomplete=\"off\" class=\"carerix_input cx2_input cx2_personal-firstName\" type=\"text\" id=\"personal-firstName\" data-index=\"2\" name=\"personal[firstName]\" value=\"\" \/>\n    \n        <\/div>\n\n<div class=\"data_1 cx2_personal-cv\" data-cxrepeaterid=\"cv\">\n    <label for=\"personal-cv\" class=\"cx2_personal-cv\">CV<\/label>\n    <span id=\"personal-cv-fieldcontainer\"><\/span>\n    <span class=\"cx2_personal-cv-info\">\n        PDF, DOC, DOCX        <b class=\"cx2_max_label\"> (max <span class=\"cx2_max_filesize\"><\/span> MB) <\/b>\n    <\/span>\n\n    <\/div>\n\n<h3 class='cx_h3 cx2_h3_contact'>Contactgegevens<\/h3>\n\n<div class=\"data_69f2b29b0b8f2 cx2_contact-email\">\n        <label for=\"contact-email\" class=\"cx2_contact-email cx2_required\">E-mail<span aria-hidden=\"true\" class=\"cx2_required_marker\">*<\/span><\/label>\n        <input autocomplete=\"off\" class=\"carerix_input cx2_input carerix_required cx2_required contact-email cx2_contact-email\" type=\"email\" id=\"contact-email\" data-index=\"69f2b29b0b8f2\" name=\"contact[email][]\" value=\"\" \/>\n    \n    \n\n\n    <span class=\"carerix_labels cx2_labels_type-contact-email\">\n    <input class='related_index' name='type-contact-index[]' type='hidden' value='0'>\n            <input type=\"radio\"\n                   name=\"type-contact[email][][0]\"\n                                                          class=\"cx2_type-contact-email\"\n                   value=\"4667\">\n            Priv\u00e9\n            \n            <input type=\"radio\"\n                   name=\"type-contact[email][][0]\"\n                                                          class=\"cx2_type-contact-email\"\n                   value=\"4668\">\n            Werk\n            <\/span>\n\n    <i class=\"fa fa-refresh fa-spin wait\" style=\"display: none;\"><\/i>\n\n\n\n    <\/div>\n\n\n<div class=\"data_3 cx2_contact-mobileNumber\">\n        <label for=\"contact-mobileNumber\" class=\"cx2_contact-mobileNumber cx2_required\">Mobiel priv\u00e9<span aria-hidden=\"true\" class=\"cx2_required_marker\">*<\/span><\/label>\n        <input autocomplete=\"off\" class=\"carerix_input cx2_input carerix_required cx2_required contact-mobileNumber cx2_contact-mobileNumber\" type=\"text\" id=\"contact-mobileNumber\" data-index=\"3\" name=\"contact[mobileNumber]\" value=\"\" \/>\n    \n        <\/div>\n\n<h3 class='cx_h3 cx2_h3_transportation'>Vervoer<\/h3>\n<div class=\"cx2_transportation\">\n    <label for=\"transportation-haveCar\" class=\"cx2_transportation-haveCar\">\n        <input    type=\"checkbox\" class=\"carerix_input cx2_input cx2_transportation-haveCar\" name=\"transportation[haveCar]\" id=\"transportation-haveCar\"> In bezit van auto    <\/label>\n<\/div><!-- [START][v-transportation-license] --><div class=\"selector_chain_holder cx2_transportation-license\"><span class=\"starter\"><\/span><span><label for=\"transportation-license\" class=\"cx2_transportation-license\">Rijbewijs<\/label><select id=\"69f2b29b2b5f5\" class=\"carerix_input cx2_input cx2_transportation-license\" data-id=\"transportation-license\" name=\"transportation[license]\" data-table=\"Drivers license\" data-affectedby=\"\"><option selected><\/option>\n<option value=\"53\">Ja<\/option>\n<option value=\"10414\">B<\/option>\n<option value=\"10415\">C (geen Code 95)<\/option>\n<option value=\"10416\">C + Code 95<\/option>\n<option value=\"10417\">CE<\/option>\n<option value=\"54\">Nee<\/option><\/select><i class=\"fa fa-refresh fa-spin wait\" style=\"display: none;\"><\/i><\/span><!-- if affectable and not affects, stop div --><!-- [STOP][v-transportation-license] --><span class=\"stopper\"><\/span><\/div><script type='text\/javascript'>window.carerix_age_limit = 0; window.carerix_age_limit_message = 'U moet minimaal 0 jaar oud zijn';<\/script><input id=\"apply_button\" class=\"cx2_applyform-apply\" type=\"submit\" value=\"Solliciteren\" \/><\/form><\/div><div style=\"clear:both\"><\/div>\r\n","protected":false},"excerpt":{"rendered":"<div class=\"cx2_introduction\"><p>Tu n&rsquo;as pas peur de retrousser tes manches. Le travail physique, le froid, le rythme de production&#8230; tu connais, ou tu es pr&ecirc;t &agrave; apprendre.&nbsp;<\/p><\/div>","protected":false},"author":9,"featured_media":0,"comment_status":"closed","ping_status":"open","sticky":false,"template":"","format":"standard","meta":{"_acf_changed":false,"footnotes":""},"categories":[649,93],"tags":[24,865,201],"class_list":["post-1510","post","type-post","status-publish","format-standard","hentry","category-manufaktuur-productie","category-offres-demploi","tag-belgie","tag-eghezee","tag-manufaktuur-productie","functiongroups-manufaktuur-productie","worklocation-eghezee","country-belgie","procedure-uitzenden","business-line-standaard","employment-contract-cdi","hours-per-week-33","pubid-list-868"],"acf":[],"yoast_head":"<!-- This site is optimized with the Yoast SEO plugin v27.5 - https:\/\/yoast.com\/product\/yoast-seo-wordpress\/ -->\n<title>Ouvrier de production alimentaire - Eghez\u00e9e - Jobalto<\/title>\n<meta name=\"robots\" content=\"index, follow, max-snippet:-1, max-image-preview:large, max-video-preview:-1\" \/>\n<link rel=\"canonical\" href=\"https:\/\/www.jobalto.be\/nl\/ouvrier-de-production-alimentaire-eghezee\/\" \/>\n<meta property=\"og:locale\" content=\"nl_NL\" \/>\n<meta property=\"og:type\" content=\"article\" \/>\n<meta property=\"og:title\" content=\"Ouvrier de production alimentaire - Eghez\u00e9e - Jobalto\" \/>\n<meta property=\"og:description\" content=\"Tu n&#039;as pas peur de retrousser tes manches. Le travail physique, le froid, le rythme de production... tu connais, ou tu es pr&ecirc;t &agrave; apprendre.&nbsp;\" \/>\n<meta property=\"og:url\" content=\"https:\/\/www.jobalto.be\/nl\/ouvrier-de-production-alimentaire-eghezee\/\" \/>\n<meta property=\"og:site_name\" content=\"Jobalto\" \/>\n<meta property=\"article:published_time\" content=\"2026-04-12T22:00:00+00:00\" \/>\n<meta property=\"article:modified_time\" content=\"2026-04-28T08:21:20+00:00\" \/>\n<meta property=\"og:image\" content=\"https:\/\/www.jobalto.be\/wp-content\/uploads\/2025\/02\/Logo-Brand-Dark.png\" \/>\n\t<meta property=\"og:image:width\" content=\"1331\" \/>\n\t<meta property=\"og:image:height\" content=\"324\" \/>\n\t<meta property=\"og:image:type\" content=\"image\/png\" \/>\n<meta name=\"author\" content=\"Pauline De Marcken\" \/>\n<meta name=\"twitter:card\" content=\"summary_large_image\" \/>\n<meta name=\"twitter:label1\" content=\"Geschreven door\" \/>\n\t<meta name=\"twitter:data1\" content=\"Pauline De Marcken\" \/>\n\t<meta name=\"twitter:label2\" content=\"Geschatte leestijd\" \/>\n\t<meta name=\"twitter:data2\" content=\"1 minuut\" \/>\n<script type=\"application\/ld+json\" class=\"yoast-schema-graph\">{\"@context\":\"https:\\\/\\\/schema.org\",\"@graph\":[{\"@type\":\"Article\",\"@id\":\"https:\\\/\\\/www.jobalto.be\\\/ouvrier-de-production-alimentaire-eghezee\\\/#article\",\"isPartOf\":{\"@id\":\"https:\\\/\\\/www.jobalto.be\\\/ouvrier-de-production-alimentaire-eghezee\\\/\"},\"author\":{\"name\":\"Pauline De Marcken\",\"@id\":\"https:\\\/\\\/www.jobalto.be\\\/#\\\/schema\\\/person\\\/fb4a0f31cccb83ca7423b0f5474c8574\"},\"headline\":\"Ouvrier de production alimentaire &#8211; Eghez\u00e9e\",\"datePublished\":\"2026-04-12T22:00:00+00:00\",\"dateModified\":\"2026-04-28T08:21:20+00:00\",\"mainEntityOfPage\":{\"@id\":\"https:\\\/\\\/www.jobalto.be\\\/ouvrier-de-production-alimentaire-eghezee\\\/\"},\"wordCount\":174,\"publisher\":{\"@id\":\"https:\\\/\\\/www.jobalto.be\\\/#organization\"},\"keywords\":[\"Belgi\u00eb\",\"Eghez\u00e9e\",\"Manufaktuur &amp; Productie\"],\"articleSection\":[\"Manufaktuur &amp; Productie\",\"Offres d'emploi\"],\"inLanguage\":\"nl-NL\"},{\"@type\":\"WebPage\",\"@id\":\"https:\\\/\\\/www.jobalto.be\\\/ouvrier-de-production-alimentaire-eghezee\\\/\",\"url\":\"https:\\\/\\\/www.jobalto.be\\\/ouvrier-de-production-alimentaire-eghezee\\\/\",\"name\":\"Ouvrier de production alimentaire - Eghez\u00e9e - Jobalto\",\"isPartOf\":{\"@id\":\"https:\\\/\\\/www.jobalto.be\\\/#website\"},\"datePublished\":\"2026-04-12T22:00:00+00:00\",\"dateModified\":\"2026-04-28T08:21:20+00:00\",\"breadcrumb\":{\"@id\":\"https:\\\/\\\/www.jobalto.be\\\/ouvrier-de-production-alimentaire-eghezee\\\/#breadcrumb\"},\"inLanguage\":\"nl-NL\",\"potentialAction\":[{\"@type\":\"ReadAction\",\"target\":[\"https:\\\/\\\/www.jobalto.be\\\/ouvrier-de-production-alimentaire-eghezee\\\/\"]}]},{\"@type\":\"BreadcrumbList\",\"@id\":\"https:\\\/\\\/www.jobalto.be\\\/ouvrier-de-production-alimentaire-eghezee\\\/#breadcrumb\",\"itemListElement\":[{\"@type\":\"ListItem\",\"position\":1,\"name\":\"Accueil\",\"item\":\"https:\\\/\\\/www.jobalto.be\\\/\"},{\"@type\":\"ListItem\",\"position\":2,\"name\":\"Ouvrier de production alimentaire &#8211; Eghez\u00e9e\"}]},{\"@type\":\"WebSite\",\"@id\":\"https:\\\/\\\/www.jobalto.be\\\/#website\",\"url\":\"https:\\\/\\\/www.jobalto.be\\\/\",\"name\":\"Jobalto\",\"description\":\"\u00c9l\u00e8ve ta carri\u00e8re\",\"publisher\":{\"@id\":\"https:\\\/\\\/www.jobalto.be\\\/#organization\"},\"potentialAction\":[{\"@type\":\"SearchAction\",\"target\":{\"@type\":\"EntryPoint\",\"urlTemplate\":\"https:\\\/\\\/www.jobalto.be\\\/?s={search_term_string}\"},\"query-input\":{\"@type\":\"PropertyValueSpecification\",\"valueRequired\":true,\"valueName\":\"search_term_string\"}}],\"inLanguage\":\"nl-NL\"},{\"@type\":\"Organization\",\"@id\":\"https:\\\/\\\/www.jobalto.be\\\/#organization\",\"name\":\"Jobalto\",\"url\":\"https:\\\/\\\/www.jobalto.be\\\/\",\"logo\":{\"@type\":\"ImageObject\",\"inLanguage\":\"nl-NL\",\"@id\":\"https:\\\/\\\/www.jobalto.be\\\/#\\\/schema\\\/logo\\\/image\\\/\",\"url\":\"https:\\\/\\\/www.jobalto.be\\\/wp-content\\\/uploads\\\/2025\\\/02\\\/Logo-Brand-Dark.png\",\"contentUrl\":\"https:\\\/\\\/www.jobalto.be\\\/wp-content\\\/uploads\\\/2025\\\/02\\\/Logo-Brand-Dark.png\",\"width\":1331,\"height\":324,\"caption\":\"Jobalto\"},\"image\":{\"@id\":\"https:\\\/\\\/www.jobalto.be\\\/#\\\/schema\\\/logo\\\/image\\\/\"}},{\"@type\":\"Person\",\"@id\":\"https:\\\/\\\/www.jobalto.be\\\/#\\\/schema\\\/person\\\/fb4a0f31cccb83ca7423b0f5474c8574\",\"name\":\"Pauline De Marcken\",\"image\":{\"@type\":\"ImageObject\",\"inLanguage\":\"nl-NL\",\"@id\":\"https:\\\/\\\/secure.gravatar.com\\\/avatar\\\/3c34d0b575189f922d7338d56b55d05c2f2fe494d9e7646c049c09ba0ddbcb97?s=96&d=mm&r=g\",\"url\":\"https:\\\/\\\/secure.gravatar.com\\\/avatar\\\/3c34d0b575189f922d7338d56b55d05c2f2fe494d9e7646c049c09ba0ddbcb97?s=96&d=mm&r=g\",\"contentUrl\":\"https:\\\/\\\/secure.gravatar.com\\\/avatar\\\/3c34d0b575189f922d7338d56b55d05c2f2fe494d9e7646c049c09ba0ddbcb97?s=96&d=mm&r=g\",\"caption\":\"Pauline De Marcken\"},\"url\":\"https:\\\/\\\/www.jobalto.be\\\/nl\\\/author\\\/pauline-de-marcken\\\/\"}]}<\/script>\n<!-- \/ Yoast SEO plugin. -->","yoast_head_json":{"title":"Ouvrier de production alimentaire - Eghez\u00e9e - Jobalto","robots":{"index":"index","follow":"follow","max-snippet":"max-snippet:-1","max-image-preview":"max-image-preview:large","max-video-preview":"max-video-preview:-1"},"canonical":"https:\/\/www.jobalto.be\/nl\/ouvrier-de-production-alimentaire-eghezee\/","og_locale":"nl_NL","og_type":"article","og_title":"Ouvrier de production alimentaire - Eghez\u00e9e - Jobalto","og_description":"Tu n'as pas peur de retrousser tes manches. Le travail physique, le froid, le rythme de production... tu connais, ou tu es pr&ecirc;t &agrave; apprendre.&nbsp;","og_url":"https:\/\/www.jobalto.be\/nl\/ouvrier-de-production-alimentaire-eghezee\/","og_site_name":"Jobalto","article_published_time":"2026-04-12T22:00:00+00:00","article_modified_time":"2026-04-28T08:21:20+00:00","og_image":[{"width":1331,"height":324,"url":"https:\/\/www.jobalto.be\/wp-content\/uploads\/2025\/02\/Logo-Brand-Dark.png","type":"image\/png"}],"author":"Pauline De Marcken","twitter_card":"summary_large_image","twitter_misc":{"Geschreven door":"Pauline De Marcken","Geschatte leestijd":"1 minuut"},"schema":{"@context":"https:\/\/schema.org","@graph":[{"@type":"Article","@id":"https:\/\/www.jobalto.be\/ouvrier-de-production-alimentaire-eghezee\/#article","isPartOf":{"@id":"https:\/\/www.jobalto.be\/ouvrier-de-production-alimentaire-eghezee\/"},"author":{"name":"Pauline De Marcken","@id":"https:\/\/www.jobalto.be\/#\/schema\/person\/fb4a0f31cccb83ca7423b0f5474c8574"},"headline":"Ouvrier de production alimentaire &#8211; Eghez\u00e9e","datePublished":"2026-04-12T22:00:00+00:00","dateModified":"2026-04-28T08:21:20+00:00","mainEntityOfPage":{"@id":"https:\/\/www.jobalto.be\/ouvrier-de-production-alimentaire-eghezee\/"},"wordCount":174,"publisher":{"@id":"https:\/\/www.jobalto.be\/#organization"},"keywords":["Belgi\u00eb","Eghez\u00e9e","Manufaktuur &amp; Productie"],"articleSection":["Manufaktuur &amp; Productie","Offres d'emploi"],"inLanguage":"nl-NL"},{"@type":"WebPage","@id":"https:\/\/www.jobalto.be\/ouvrier-de-production-alimentaire-eghezee\/","url":"https:\/\/www.jobalto.be\/ouvrier-de-production-alimentaire-eghezee\/","name":"Ouvrier de production alimentaire - Eghez\u00e9e - Jobalto","isPartOf":{"@id":"https:\/\/www.jobalto.be\/#website"},"datePublished":"2026-04-12T22:00:00+00:00","dateModified":"2026-04-28T08:21:20+00:00","breadcrumb":{"@id":"https:\/\/www.jobalto.be\/ouvrier-de-production-alimentaire-eghezee\/#breadcrumb"},"inLanguage":"nl-NL","potentialAction":[{"@type":"ReadAction","target":["https:\/\/www.jobalto.be\/ouvrier-de-production-alimentaire-eghezee\/"]}]},{"@type":"BreadcrumbList","@id":"https:\/\/www.jobalto.be\/ouvrier-de-production-alimentaire-eghezee\/#breadcrumb","itemListElement":[{"@type":"ListItem","position":1,"name":"Accueil","item":"https:\/\/www.jobalto.be\/"},{"@type":"ListItem","position":2,"name":"Ouvrier de production alimentaire &#8211; Eghez\u00e9e"}]},{"@type":"WebSite","@id":"https:\/\/www.jobalto.be\/#website","url":"https:\/\/www.jobalto.be\/","name":"Jobalto","description":"\u00c9l\u00e8ve ta carri\u00e8re","publisher":{"@id":"https:\/\/www.jobalto.be\/#organization"},"potentialAction":[{"@type":"SearchAction","target":{"@type":"EntryPoint","urlTemplate":"https:\/\/www.jobalto.be\/?s={search_term_string}"},"query-input":{"@type":"PropertyValueSpecification","valueRequired":true,"valueName":"search_term_string"}}],"inLanguage":"nl-NL"},{"@type":"Organization","@id":"https:\/\/www.jobalto.be\/#organization","name":"Jobalto","url":"https:\/\/www.jobalto.be\/","logo":{"@type":"ImageObject","inLanguage":"nl-NL","@id":"https:\/\/www.jobalto.be\/#\/schema\/logo\/image\/","url":"https:\/\/www.jobalto.be\/wp-content\/uploads\/2025\/02\/Logo-Brand-Dark.png","contentUrl":"https:\/\/www.jobalto.be\/wp-content\/uploads\/2025\/02\/Logo-Brand-Dark.png","width":1331,"height":324,"caption":"Jobalto"},"image":{"@id":"https:\/\/www.jobalto.be\/#\/schema\/logo\/image\/"}},{"@type":"Person","@id":"https:\/\/www.jobalto.be\/#\/schema\/person\/fb4a0f31cccb83ca7423b0f5474c8574","name":"Pauline De Marcken","image":{"@type":"ImageObject","inLanguage":"nl-NL","@id":"https:\/\/secure.gravatar.com\/avatar\/3c34d0b575189f922d7338d56b55d05c2f2fe494d9e7646c049c09ba0ddbcb97?s=96&d=mm&r=g","url":"https:\/\/secure.gravatar.com\/avatar\/3c34d0b575189f922d7338d56b55d05c2f2fe494d9e7646c049c09ba0ddbcb97?s=96&d=mm&r=g","contentUrl":"https:\/\/secure.gravatar.com\/avatar\/3c34d0b575189f922d7338d56b55d05c2f2fe494d9e7646c049c09ba0ddbcb97?s=96&d=mm&r=g","caption":"Pauline De Marcken"},"url":"https:\/\/www.jobalto.be\/nl\/author\/pauline-de-marcken\/"}]}},"_links":{"self":[{"href":"https:\/\/www.jobalto.be\/nl\/wp-json\/wp\/v2\/posts\/1510","targetHints":{"allow":["GET"]}}],"collection":[{"href":"https:\/\/www.jobalto.be\/nl\/wp-json\/wp\/v2\/posts"}],"about":[{"href":"https:\/\/www.jobalto.be\/nl\/wp-json\/wp\/v2\/types\/post"}],"author":[{"embeddable":true,"href":"https:\/\/www.jobalto.be\/nl\/wp-json\/wp\/v2\/users\/9"}],"replies":[{"embeddable":true,"href":"https:\/\/www.jobalto.be\/nl\/wp-json\/wp\/v2\/comments?post=1510"}],"version-history":[{"count":0,"href":"https:\/\/www.jobalto.be\/nl\/wp-json\/wp\/v2\/posts\/1510\/revisions"}],"wp:attachment":[{"href":"https:\/\/www.jobalto.be\/nl\/wp-json\/wp\/v2\/media?parent=1510"}],"wp:term":[{"taxonomy":"category","embeddable":true,"href":"https:\/\/www.jobalto.be\/nl\/wp-json\/wp\/v2\/categories?post=1510"},{"taxonomy":"post_tag","embeddable":true,"href":"https:\/\/www.jobalto.be\/nl\/wp-json\/wp\/v2\/tags?post=1510"}],"curies":[{"name":"wp","href":"https:\/\/api.w.org\/{rel}","templated":true}]}}